{"id":494,"date":"2013-09-23T16:08:19","date_gmt":"2013-09-23T16:08:19","guid":{"rendered":"http:\/\/dirk-kunz.net\/?p=494"},"modified":"2013-09-23T18:33:22","modified_gmt":"2013-09-23T18:33:22","slug":"die-jazzscool-beginnt","status":"publish","type":"post","link":"http:\/\/dirk-kunz.net\/?p=494","title":{"rendered":"Die JazzScool beginnt!"},"content":{"rendered":"<p>F\u00fcr alle die Jazz gerne h\u00f6ren und sich immer schon gedacht haben, dass sie es gern selber mal versuchen w\u00fcrden, bietet sich am 29.09.2013 die perfekte Gelegenheit. Zum Einstand der\u00a0<a href=\"http:\/\/www.jazzscool.de\/\" target=\"_blank\">Jazzscool<\/a>, der neuen Jazzabteilung der Musikschule Sulzbach\/Fischbachtal,\u00a0k\u00f6nnt ihr von 11:00 &#8211; 15:00 die Dozenten und R\u00e4umlichkeiten des neuen Standortes der <a href=\"http:\/\/www.jazzscool.de\/\" target=\"_blank\">Jazzscool<\/a> in Quierschied \u00a0interviewen und besichtigen. Und nat\u00fcrlich den Termin f\u00fcr eure erste Stunde ausmachen. Sp\u00e4ter am Abend kann man dann das Dozentenensemble der JazzScool Live in Concert h\u00f6ren, bei der monatlich stattfindenden Jazzkonzertreihe <a href=\"http:\/\/www.regionalverband-saarbruecken.de\/events\/abfragen_druck.php?keyword=&amp;type=&amp;kategorie=150&amp;month=&amp;veranstalterid=&amp;ortid=&amp;date_begin=&amp;date_end=&amp;time_begin=&amp;time_end=&amp;menuid=149&amp;topmenu=233&amp;page=1\" target=\"_blank\">Blue Notes<\/a> im <a href=\"http:\/\/www.saarbruecken.de\/de\/tourismus\/infos_und_reiseplanung\/sehenswertes\/sehenswuerdigkeiten\/saarbruecker_schloss\" target=\"_blank\">Schlo\u00df Saarbr\u00fccken<\/a>.\u00a0The Jazzscool Gang, eine Band bestehend aus den Dozenten der neuen <a href=\"http:\/\/www.jazzscool.de\/\" target=\"_blank\">Jazzscool<\/a>, stellen ihr eigenes Bandprojekt vor.\u00a0Mit von der Partie sind u.a. <a href=\"http:\/\/www.andreareichhart.com\/\" target=\"_blank\">Andrea Reichhart<\/a> (Gesang), <a href=\"http:\/\/www.thomas-girard.de\/\" target=\"_blank\">Thomas Girard <\/a>(Saxophon), <a href=\"http:\/\/www.philipp-schug.de\/\" target=\"_blank\">Philipp Schug<\/a> (Posaune), <a href=\"http:\/\/www.daisybecker.de\/\" target=\"_blank\">Daisy Becker<\/a> &amp;\u00a0<a href=\"https:\/\/www.facebook.com\/martin.kipper\" target=\"_blank\">Martin Kipper<\/a> (Trompete), <a href=\"http:\/\/rogebhardt.com\/\" target=\"_blank\">Ro Gebhardt<\/a> &amp; <a href=\"http:\/\/www.arnulf-ochs.de\/\" target=\"_blank\">Arnulf Ochs <\/a>(Gitarre), <a href=\"http:\/\/de.wikipedia.org\/wiki\/Christoph_Mudrich\" target=\"_blank\">Christoph Mudrich<\/a> (Piano) und Dirk Kunz am Bass.\u00a0Ein Jazzabend der Extraklasse \u2013 von Duo bis Large Ensemble erwarten den Zuh\u00f6rer \u201eGrooves &amp; Sounds at its best\u201c! Also ein Sonntag voller Jazz, Jazz und nochmals Jazz, ich freu mich auf Euch!<\/p>\n","protected":false},"excerpt":{"rendered":"<p>F\u00fcr alle die Jazz gerne h\u00f6ren und sich immer schon gedacht haben, dass sie es gern selber mal versuchen w\u00fcrden, bietet sich am 29.09.2013 die perfekte Gelegenheit. Zum Einstand der\u00a0Jazzscool, der neuen Jazzabteilung der Musikschule Sulzbach\/Fischbachtal,\u00a0k\u00f6nnt ihr von 11:00 &#8211; 15:00 die Dozenten und R\u00e4umlichkeiten des neuen Standortes der Jazzscool in Quierschied \u00a0interviewen und besichtigen. [&hellip;]<\/p>\n","protected":false},"author":1,"featured_media":0,"comment_status":"open","ping_status":"open","sticky":false,"template":"","format":"standard","meta":{"_monsterinsights_skip_tracking":false,"_monsterinsights_sitenote_active":false,"_monsterinsights_sitenote_note":"","_monsterinsights_sitenote_category":0},"categories":[1],"tags":[],"_links":{"self":[{"href":"http:\/\/dirk-kunz.net\/index.php?rest_route=\/wp\/v2\/posts\/494"}],"collection":[{"href":"http:\/\/dirk-kunz.net\/index.php?rest_route=\/wp\/v2\/posts"}],"about":[{"href":"http:\/\/dirk-kunz.net\/index.php?rest_route=\/wp\/v2\/types\/post"}],"author":[{"embeddable":true,"href":"http:\/\/dirk-kunz.net\/index.php?rest_route=\/wp\/v2\/users\/1"}],"replies":[{"embeddable":true,"href":"http:\/\/dirk-kunz.net\/index.php?rest_route=%2Fwp%2Fv2%2Fcomments&post=494"}],"version-history":[{"count":4,"href":"http:\/\/dirk-kunz.net\/index.php?rest_route=\/wp\/v2\/posts\/494\/revisions"}],"predecessor-version":[{"id":498,"href":"http:\/\/dirk-kunz.net\/index.php?rest_route=\/wp\/v2\/posts\/494\/revisions\/498"}],"wp:attachment":[{"href":"http:\/\/dirk-kunz.net\/index.php?rest_route=%2Fwp%2Fv2%2Fmedia&parent=494"}],"wp:term":[{"taxonomy":"category","embeddable":true,"href":"http:\/\/dirk-kunz.net\/index.php?rest_route=%2Fwp%2Fv2%2Fcategories&post=494"},{"taxonomy":"post_tag","embeddable":true,"href":"http:\/\/dirk-kunz.net\/index.php?rest_route=%2Fwp%2Fv2%2Ftags&post=494"}],"curies":[{"name":"wp","href":"https:\/\/api.w.org\/{rel}","templated":true}]}}